{"id":58,"date":"2010-07-30T00:00:49","date_gmt":"2010-07-30T04:00:49","guid":{"rendered":"http:\/\/cyclocyclo.com\/blog\/?p=58"},"modified":"2015-08-21T12:23:37","modified_gmt":"2015-08-21T16:23:37","slug":"vers-lalsace","status":"publish","type":"post","link":"https:\/\/cyclocyclo.com\/blog\/vers-lalsace\/","title":{"rendered":"Vers L&#8217;Alsace"},"content":{"rendered":"<p><img loading=\"lazy\" src=\"https:\/\/farm5.staticflickr.com\/4089\/5165971858_8a152b0167_o.jpg\" width=\"683\" height=\"1024\" alt=\"\" title=\"\" class=\"alignnone\" \/><br \/>\n<img loading=\"lazy\" src=\"https:\/\/farm2.staticflickr.com\/1199\/5165971786_f26a1386f4_o.jpg\" width=\"1024\" height=\"683\" alt=\"\" title=\"\" class=\"alignnone\" \/><\/p>\n<h3>Juillet &#8217;10<\/h3>\n<p>Retour au v\u00e9lo donc. Apr\u00e8s avoir err\u00e9 de gauche \u00e0 droite et avoir &#8216;perdu&#8217; du temps dans les montagnes, je revenais \u00e0 mon semi objectif; rejoindre mon ami Charles en Alsace fin juillet.<\/p>\n<p>Pour en finir un peu des Alpes, c&#8217;est dommage, je suis encore pass\u00e9 par quelques massifs. La Chartreuse, les Bauges, par exemple, combinant le v\u00e9lo et quelques petites randonn\u00e9s d&#8217;une journ\u00e9e. De quoi se garder les jambes au chaud. Une semaine j&#8217;ai pratiquement fait 1000m d&#8217;ascension par jour, soit \u00e0 v\u00e9lo, soit \u00e0 pied, ou en combin\u00e9. Je commen\u00e7ait \u00e0 prendre le rythme. Faut pas se faire des id\u00e9es non plus, avec les baggages \u00e0 monter (environ 15kg+ de v\u00e9lo et 25kg dans les valises), je me fesait d\u00e9passer \u00e0 presque chaque col par des cyclistes en promenade qui mettait la moiti\u00e9 du temps \u00e0 atteindre le sommet. Mais bon, je suis pas press\u00e9 moi, lentement mais surement.<\/p>\n<p>Justement, c&#8217;est ensuite dans le massif du Jura que j&#8217;ai crois\u00e9 le Tour de France. Pas trop chanceux j&#8217;\u00e9tais \u00e0 la fin du descente et disons que je n&#8217;ai pas eu le temps de voir grand chose. Un gros paquet de gars en spandex qui passent escort\u00e9s par une cavalerie de voitures et camions. Mais surtout en fait, pr\u00e9c\u00e9d\u00e9s par une immense caravanne publicitaires ,genre de distraction pour le public qui attend, distribuant une grande quantit\u00e9 d&#8217;\u00e9chantillons de tous genre. Bilan; un peu de bouffe et d&#8217;eau (yeah!) mais aussi 6 casquettes et 2 \u00e9chantillons de lessives! ssiiiick&#8230;.<\/p>\n<p>Donc, travers\u00e9 du Jura, escapade rapide de 24 heures en Suisse pour prendre un raccourci et redescente dans la vall\u00e9e de l&#8217;Alsace. Mulhouse, Colmar, et mes premi\u00e8res auberges de jeunesse d&#8217;europe (yeeerk). Mais bon, pof, ca fait presque 2 mois et demi, 3000kms que je roule ici, et me voil\u00e0 \u00e0 Strasbourg pour prendre un peu de vacances. \u00e0 moi la tarte flamb\u00e9s et les vins blancs!<\/p>\n<p><a href=\"http:\/\/www.flickr.com\/photos\/westjef\/sets\/72157625236605511\/\" class=\"more\">Voir toutes les photos<\/a><\/p>\n","protected":false},"excerpt":{"rendered":"<p>Juillet &#8217;10 Retour au v\u00e9lo donc. Apr\u00e8s avoir err\u00e9 de gauche \u00e0 droite et avoir &#8216;perdu&#8217; du temps dans les montagnes, je revenais \u00e0 mon semi objectif; rejoindre mon ami Charles en Alsace fin juillet. Pour en finir un peu des Alpes, c&#8217;est dommage, je suis encore pass\u00e9 par quelques massifs. La Chartreuse, les Bauges, [&hellip;]<\/p>\n","protected":false},"author":1,"featured_media":0,"comment_status":"open","ping_status":"open","sticky":false,"template":"","format":"standard","meta":[],"categories":[18,1],"tags":[],"_links":{"self":[{"href":"https:\/\/cyclocyclo.com\/blog\/wp-json\/wp\/v2\/posts\/58"}],"collection":[{"href":"https:\/\/cyclocyclo.com\/blog\/wp-json\/wp\/v2\/posts"}],"about":[{"href":"https:\/\/cyclocyclo.com\/blog\/wp-json\/wp\/v2\/types\/post"}],"author":[{"embeddable":true,"href":"https:\/\/cyclocyclo.com\/blog\/wp-json\/wp\/v2\/users\/1"}],"replies":[{"embeddable":true,"href":"https:\/\/cyclocyclo.com\/blog\/wp-json\/wp\/v2\/comments?post=58"}],"version-history":[{"count":3,"href":"https:\/\/cyclocyclo.com\/blog\/wp-json\/wp\/v2\/posts\/58\/revisions"}],"predecessor-version":[{"id":550,"href":"https:\/\/cyclocyclo.com\/blog\/wp-json\/wp\/v2\/posts\/58\/revisions\/550"}],"wp:attachment":[{"href":"https:\/\/cyclocyclo.com\/blog\/wp-json\/wp\/v2\/media?parent=58"}],"wp:term":[{"taxonomy":"category","embeddable":true,"href":"https:\/\/cyclocyclo.com\/blog\/wp-json\/wp\/v2\/categories?post=58"},{"taxonomy":"post_tag","embeddable":true,"href":"https:\/\/cyclocyclo.com\/blog\/wp-json\/wp\/v2\/tags?post=58"}],"curies":[{"name":"wp","href":"https:\/\/api.w.org\/{rel}","templated":true}]}}